{"id":2885,"date":"2024-07-04T11:09:02","date_gmt":"2024-07-04T09:09:02","guid":{"rendered":"https:\/\/suntechnics.ch\/les-impacts-de-la-loi-sur-lelectricite-sur-le-photovoltaique\/"},"modified":"2025-08-21T17:15:07","modified_gmt":"2025-08-21T15:15:07","slug":"les-effets-de-la-loi-sur-lelectricite-sur-le-photovoltaique","status":"publish","type":"post","link":"https:\/\/suntechnics.ch\/fr\/les-effets-de-la-loi-sur-lelectricite-sur-le-photovoltaique\/","title":{"rendered":"Les effets de la loi sur l\u2019\u00e9lectricit\u00e9 sur le photovolta\u00efque"},"content":{"rendered":"\n<h2 class=\"wp-block-heading\"><em>Le peuple suisse a accept\u00e9 le 9 juin 2024, avec pr\u00e8s de 70 pour cent de voix favorables, la loi f\u00e9d\u00e9rale<br\/>relative \u00e0 un approvisionnement en \u00e9lectricit\u00e9 s\u00fbr reposant sur des \u00e9nergies renouvelables. Connue \u00e9galement sous le nom de loi sur l\u2019\u00e9lectricit\u00e9, elle entra\u00eene plusieurs changements pour le photovolta\u00efque. D\u00e9couvrez lesquels dans cet article.  <\/em><\/h2>\n\n<p>Les \u00e9lectrices et \u00e9lecteurs suisses ont accept\u00e9 la loi sur l\u2019\u00e9lectricit\u00e9. Cette base l\u00e9gale doit permettre \u00e0 la Suisse de produire plus rapidement de l\u2019\u00e9lectricit\u00e9 issue de sources renouvelables. La loi sur l\u2019\u00e9lectricit\u00e9 entrera en vigueur en janvier 2025. En ce qui concerne l\u2019\u00e9nergie solaire, elle apporte plusieurs changements notables.   <\/p>\n\n<h2 class=\"wp-block-heading\"><strong>\u00c9lectricit\u00e9 suiss avec une part accrue de renouvelables<\/strong><\/h2>\n\n<p>La loi sur l\u2019\u00e9lectricit\u00e9 pr\u00e9voit ce qui suit : d\u2019ici 2035, 35 t\u00e9rawattheures (TWh) de l\u2019\u00e9lectricit\u00e9 suisse devront provenir d\u2019\u00e9nergies renouvelables \u2013 \u00e0 l\u2019exception de l\u2019hydro\u00e9lectricit\u00e9. D\u2019ici 2050, ce chiffre devra atteindre 45 TWh. Une part importante de cette production proviendra du solaire. Selon les estimations de l\u2019association professionnelle Swissolar, la part du solaire passera de 10 pour cent aujourd\u2019hui \u00e0 50 pour cent en 2050. Une premi\u00e8re mesure en ce sens est l\u2019obligation d\u2019installer du solaire sur les grands b\u00e2timents neufs : toute nouvelle construction ou r\u00e9novation compl\u00e8te dont la surface au sol d\u00e9passe 300 m\u00b2 devra \u00eatre \u00e9quip\u00e9e d\u2019une installation photovolta\u00efque.    <\/p>\n\n<h2 class=\"wp-block-heading\"><strong>Moins d&rsquo;importations d&rsquo;\u00e9lectricit\u00e9 en hiver<\/strong><\/h2>\n\n<p>\u00c0 l\u2019avenir, les importations d\u2019\u00e9lectricit\u00e9 durant la p\u00e9riode hivernale (du 1er octobre au 31 mars) devront \u00eatre limit\u00e9es \u00e0 5 TWh maximum. Pour atteindre cet objectif, en plus de l\u2019\u00e9nergie \u00e9olienne et hydraulique, l\u2019\u00e9nergie solaire devra \u00eatre mise \u00e0 contribution : les installations solaires d\u2019int\u00e9r\u00eat national devront produire au moins 6 TWh d\u2019ici 2040. Sur ce volume, 2 TWh de production hivernale climatiquement neutre devront \u00eatre garantis. Les cantons seront tenus d\u2019identifier, dans leurs plans directeurs, les surfaces appropri\u00e9es apr\u00e8s une \u00e9valuation minutieuse. Toutefois, les biotopes d\u2019importance nationale seront exclus de cette utilisation.     <\/p>\n\n<h2 class=\"wp-block-heading\"><strong>Incitations financi\u00e8res pour l\u2019\u00e9lectricit\u00e9 solaire<\/strong><\/h2>\n\n<p>Avec l\u2019adoption de la loi sur l\u2019\u00e9lectricit\u00e9, des prix minimaux harmonis\u00e9s seront appliqu\u00e9s pour le rachat de l\u2019\u00e9lectricit\u00e9 solaire inject\u00e9e dans le r\u00e9seau. Ces tarifs minimaux de rachat seront index\u00e9s sur le prix du march\u00e9 et fix\u00e9s trimestriellement. Par ailleurs, les instruments de soutien existants seront prolong\u00e9s de 2030 \u00e0 2035. La redevance r\u00e9seau restera fix\u00e9e \u00e0 2,3 centimes par kilowattheure, sans augmentation.   <\/p>\n\n<p>Financi\u00e8rement plus attractives seront aussi les communaut\u00e9s \u00e9lectriques locales (CEL) et les regroupements dans le cadre de la consommation propre (RCP) : ainsi, l\u2019\u00e9lectricit\u00e9 produite et utilis\u00e9e dans les CEL sera encourag\u00e9e. Les regroupements dans le cadre de la consommation propre b\u00e9n\u00e9ficieront d\u2019un soutien renforc\u00e9. <\/p>\n\n<p>Et finalement, les exploitantes et exploitants de syst\u00e8mes de stockage d\u2019\u00e9lectricit\u00e9 devraient \u00e9galement b\u00e9n\u00e9ficier d\u2019un all\u00e8gement financier : \u00e0 l\u2019avenir, ceux-ci seront exempt\u00e9s des redevances de r\u00e9seau, car quiconque exploite un stockage d\u2019\u00e9lectricit\u00e9 contribue \u00e0 la d\u00e9centralisation et \u00e0 la stabilit\u00e9 du r\u00e9seau. <\/p>\n\n<h2 class=\"wp-block-heading\"><strong>Moins d&rsquo;obstacles administratifs<\/strong><\/h2>\n\n<p>Les autorisations de construire repr\u00e9sentent dans de nombreux cas un obstacle fastidieux \u00e0 la r\u00e9alisation d\u2019installations solaires. La nouvelle loi souhaite \u00e9galement simplifier cette d\u00e9marche : l\u2019obtention des permis pour les installations solaires sera facilit\u00e9e gr\u00e2ce \u00e0 la modification l\u00e9gislative adopt\u00e9e. Cela concerne notamment les parkings, les toitures et fa\u00e7ades adapt\u00e9es dans les zones \u00e0 b\u00e2tir et agricoles, ainsi que les terrains libres dans des zones peu sensibles.  <\/p>\n\n<h2 class=\"wp-block-heading\"><strong>Une loi sur l&rsquo;\u00e9lectricit\u00e9 tourn\u00e9e vers l&rsquo;avenir<\/strong><\/h2>\n\n<p>Gr\u00e2ce \u00e0 la nouvelle loi sur l\u2019\u00e9lectricit\u00e9, les \u00e9nergies renouvelables devraient b\u00e9n\u00e9ficier d\u2019un nouvel \u00e9lan apr\u00e8s la forte croissance du solaire de ces derni\u00e8res ann\u00e9es. L\u2019approvisionnement et l\u2019ind\u00e9pendance \u00e9nerg\u00e9tique de la Suisse vis-\u00e0-vis des importations seront ainsi renforc\u00e9s. La loi offre \u00e9galement une s\u00e9curit\u00e9 de planification : si les instruments de soutien ne suffisent pas, des objectifs de d\u00e9veloppement contraignants seront ajust\u00e9s. Avec la tendance \u00e0 la d\u00e9centralisation, un nouvel environnement r\u00e9glementaire se cr\u00e9e, permettant aux particuliers et aux communaut\u00e9s d\u2019organiser plus facilement leur propre approvisionnement en \u00e9nergie et de devenir ainsi plus ind\u00e9pendants.   <\/p>\n\n<div class=\"wp-block-group alignfull\"><div class=\"wp-block-group__inner-container is-layout-constrained wp-block-group-is-layout-constrained\">\n<div class=\"wp-block-group alignfull\"><div class=\"wp-block-group__inner-container is-layout-flow wp-block-group-is-layout-flow\">\n<div class=\"wp-block-group\"><div class=\"wp-block-group__inner-container is-layout-constrained wp-block-group-is-layout-constrained\">\n<div class=\"wp-block-group alignwide cta__padding has-luminous-vivid-orange-background-color has-background\"><div class=\"wp-block-group__inner-container is-layout-constrained wp-block-group-is-layout-constrained\">\n<div class=\"wp-block-group\"><div class=\"wp-block-group__inner-container is-layout-constrained wp-block-group-is-layout-constrained\">\n<p class=\"has-text-align-center has-small-font-size\" style=\"line-height:.9\"><br\/><strong>Convaincu\u00b7e ?<\/strong><\/p>\n<\/div><\/div>\n\n\n\n<h3 class=\"wp-block-heading has-text-align-center\" id=\"schedule-a-visit\" style=\"font-size:27px;line-height:1.15\">Vous souhaitez en savoir plus sur le sujet ? Vous pouvez nous contacter pour obtenir des conseils personnalis\u00e9s.  <\/h3>\n\n\n\n<div class=\"wp-block-buttons is-horizontal is-content-justification-center is-layout-flex wp-container-core-buttons-is-layout-499968f5 wp-block-buttons-is-layout-flex\">\n<div class=\"wp-block-button has-custom-width wp-block-button__width-50\"><a class=\"wp-block-button__link has-text-color has-background wp-element-button\" href=\"https:\/\/suntechnics.ch\/fr\/contact\/\" style=\"border-radius:50px;color:#ffffff;background-color:#000000\">Prendre contact maintenant<\/a><\/div>\n<\/div>\n<\/div><\/div>\n<\/div><\/div>\n<\/div><\/div>\n<\/div><\/div>\n\n<p><\/p>\n","protected":false},"excerpt":{"rendered":"<p>Le peuple suisse a accept\u00e9 le 9 juin 2024, avec pr\u00e8s de 70 pour cent de voix favorables, la loi f\u00e9d\u00e9ralerelative \u00e0 un approvisionnement en \u00e9lectricit\u00e9 s\u00fbr reposant sur des \u00e9nergies renouvelables. Connue \u00e9galement sous le nom de loi sur l\u2019\u00e9lectricit\u00e9, elle entra\u00eene plusieurs changements pour le photovolta\u00efque. D\u00e9couvrez lesquels dans cet article. Les \u00e9lectrices [&hellip;]<\/p>\n","protected":false},"author":9,"featured_media":2510,"comment_status":"closed","ping_status":"closed","sticky":false,"template":"","format":"standard","meta":{"footnotes":""},"categories":[70],"tags":[],"class_list":["post-2885","post","type-post","status-publish","format-standard","has-post-thumbnail","hentry","category-news-fr"],"yoast_head":"<!-- This site is optimized with the Yoast SEO plugin v27.4 - https:\/\/yoast.com\/product\/yoast-seo-wordpress\/ -->\n<title>Les effets de la loi sur l\u2019\u00e9lectricit\u00e9 sur le photovolta\u00efque - Suntechnics<\/title>\n<meta name=\"description\" content=\"La nouvelle loi suisse sur l\u2019\u00e9lectricit\u00e9 favorise les \u00e9nergies renouvelables, avec un accent particulier sur l\u2019\u00e9nergie solaire. D\u00e9couvrez quelles modifications elle entra\u00eene pour le photovolta\u00efque.\" \/>\n<meta name=\"robots\" content=\"index, follow, max-snippet:-1, max-image-preview:large, max-video-preview:-1\" \/>\n<link rel=\"canonical\" href=\"https:\/\/suntechnics.ch\/fr\/les-effets-de-la-loi-sur-lelectricite-sur-le-photovoltaique\/\" \/>\n<meta property=\"og:locale\" content=\"fr_FR\" \/>\n<meta property=\"og:type\" content=\"article\" \/>\n<meta property=\"og:title\" content=\"Les effets de la loi sur l\u2019\u00e9lectricit\u00e9 sur le photovolta\u00efque - Suntechnics\" \/>\n<meta property=\"og:description\" content=\"La nouvelle loi suisse sur l\u2019\u00e9lectricit\u00e9 favorise les \u00e9nergies renouvelables, avec un accent particulier sur l\u2019\u00e9nergie solaire. D\u00e9couvrez quelles modifications elle entra\u00eene pour le photovolta\u00efque.\" \/>\n<meta property=\"og:url\" content=\"https:\/\/suntechnics.ch\/fr\/les-effets-de-la-loi-sur-lelectricite-sur-le-photovoltaique\/\" \/>\n<meta property=\"og:site_name\" content=\"Suntechnics\" \/>\n<meta property=\"article:published_time\" content=\"2024-07-04T09:09:02+00:00\" \/>\n<meta property=\"article:modified_time\" content=\"2025-08-21T15:15:07+00:00\" \/>\n<meta property=\"og:image\" content=\"https:\/\/suntechnics.ch\/wp-content\/uploads\/2024\/07\/suntechnics_stromgesetz-scaled.jpg\" \/>\n\t<meta property=\"og:image:width\" content=\"2560\" \/>\n\t<meta property=\"og:image:height\" content=\"1707\" \/>\n\t<meta property=\"og:image:type\" content=\"image\/jpeg\" \/>\n<meta name=\"author\" content=\"Armin Hubli\" \/>\n<meta name=\"twitter:card\" content=\"summary_large_image\" \/>\n<meta name=\"twitter:label1\" content=\"\u00c9crit par\" \/>\n\t<meta name=\"twitter:data1\" content=\"Armin Hubli\" \/>\n\t<meta name=\"twitter:label2\" content=\"Dur\u00e9e de lecture estim\u00e9e\" \/>\n\t<meta name=\"twitter:data2\" content=\"4 minutes\" \/>\n<script type=\"application\/ld+json\" class=\"yoast-schema-graph\">{\"@context\":\"https:\\\/\\\/schema.org\",\"@graph\":[{\"@type\":\"Article\",\"@id\":\"https:\\\/\\\/suntechnics.ch\\\/fr\\\/les-effets-de-la-loi-sur-lelectricite-sur-le-photovoltaique\\\/#article\",\"isPartOf\":{\"@id\":\"https:\\\/\\\/suntechnics.ch\\\/fr\\\/les-effets-de-la-loi-sur-lelectricite-sur-le-photovoltaique\\\/\"},\"author\":{\"name\":\"Armin Hubli\",\"@id\":\"https:\\\/\\\/suntechnics.ch\\\/#\\\/schema\\\/person\\\/4268689593a277cef13567f8ee416b08\"},\"headline\":\"Les effets de la loi sur l\u2019\u00e9lectricit\u00e9 sur le photovolta\u00efque\",\"datePublished\":\"2024-07-04T09:09:02+00:00\",\"dateModified\":\"2025-08-21T15:15:07+00:00\",\"mainEntityOfPage\":{\"@id\":\"https:\\\/\\\/suntechnics.ch\\\/fr\\\/les-effets-de-la-loi-sur-lelectricite-sur-le-photovoltaique\\\/\"},\"wordCount\":754,\"publisher\":{\"@id\":\"https:\\\/\\\/suntechnics.ch\\\/#organization\"},\"image\":{\"@id\":\"https:\\\/\\\/suntechnics.ch\\\/fr\\\/les-effets-de-la-loi-sur-lelectricite-sur-le-photovoltaique\\\/#primaryimage\"},\"thumbnailUrl\":\"https:\\\/\\\/suntechnics.ch\\\/wp-content\\\/uploads\\\/2024\\\/07\\\/suntechnics_stromgesetz-scaled-e1764778239249.jpg\",\"articleSection\":[\"News\"],\"inLanguage\":\"fr-FR\"},{\"@type\":\"WebPage\",\"@id\":\"https:\\\/\\\/suntechnics.ch\\\/fr\\\/les-effets-de-la-loi-sur-lelectricite-sur-le-photovoltaique\\\/\",\"url\":\"https:\\\/\\\/suntechnics.ch\\\/fr\\\/les-effets-de-la-loi-sur-lelectricite-sur-le-photovoltaique\\\/\",\"name\":\"Les effets de la loi sur l\u2019\u00e9lectricit\u00e9 sur le photovolta\u00efque - Suntechnics\",\"isPartOf\":{\"@id\":\"https:\\\/\\\/suntechnics.ch\\\/#website\"},\"primaryImageOfPage\":{\"@id\":\"https:\\\/\\\/suntechnics.ch\\\/fr\\\/les-effets-de-la-loi-sur-lelectricite-sur-le-photovoltaique\\\/#primaryimage\"},\"image\":{\"@id\":\"https:\\\/\\\/suntechnics.ch\\\/fr\\\/les-effets-de-la-loi-sur-lelectricite-sur-le-photovoltaique\\\/#primaryimage\"},\"thumbnailUrl\":\"https:\\\/\\\/suntechnics.ch\\\/wp-content\\\/uploads\\\/2024\\\/07\\\/suntechnics_stromgesetz-scaled-e1764778239249.jpg\",\"datePublished\":\"2024-07-04T09:09:02+00:00\",\"dateModified\":\"2025-08-21T15:15:07+00:00\",\"description\":\"La nouvelle loi suisse sur l\u2019\u00e9lectricit\u00e9 favorise les \u00e9nergies renouvelables, avec un accent particulier sur l\u2019\u00e9nergie solaire. D\u00e9couvrez quelles modifications elle entra\u00eene pour le photovolta\u00efque.\",\"breadcrumb\":{\"@id\":\"https:\\\/\\\/suntechnics.ch\\\/fr\\\/les-effets-de-la-loi-sur-lelectricite-sur-le-photovoltaique\\\/#breadcrumb\"},\"inLanguage\":\"fr-FR\",\"potentialAction\":[{\"@type\":\"ReadAction\",\"target\":[\"https:\\\/\\\/suntechnics.ch\\\/fr\\\/les-effets-de-la-loi-sur-lelectricite-sur-le-photovoltaique\\\/\"]}]},{\"@type\":\"ImageObject\",\"inLanguage\":\"fr-FR\",\"@id\":\"https:\\\/\\\/suntechnics.ch\\\/fr\\\/les-effets-de-la-loi-sur-lelectricite-sur-le-photovoltaique\\\/#primaryimage\",\"url\":\"https:\\\/\\\/suntechnics.ch\\\/wp-content\\\/uploads\\\/2024\\\/07\\\/suntechnics_stromgesetz-scaled-e1764778239249.jpg\",\"contentUrl\":\"https:\\\/\\\/suntechnics.ch\\\/wp-content\\\/uploads\\\/2024\\\/07\\\/suntechnics_stromgesetz-scaled-e1764778239249.jpg\",\"width\":2560,\"height\":1707,\"caption\":\"Photograph of contemporary on-family twin houses, a rape and a wheat field in the foreground.\"},{\"@type\":\"BreadcrumbList\",\"@id\":\"https:\\\/\\\/suntechnics.ch\\\/fr\\\/les-effets-de-la-loi-sur-lelectricite-sur-le-photovoltaique\\\/#breadcrumb\",\"itemListElement\":[{\"@type\":\"ListItem\",\"position\":1,\"name\":\"Startseite\",\"item\":\"https:\\\/\\\/suntechnics.ch\\\/fr\\\/\"},{\"@type\":\"ListItem\",\"position\":2,\"name\":\"Les effets de la loi sur l\u2019\u00e9lectricit\u00e9 sur le photovolta\u00efque\"}]},{\"@type\":\"WebSite\",\"@id\":\"https:\\\/\\\/suntechnics.ch\\\/#website\",\"url\":\"https:\\\/\\\/suntechnics.ch\\\/\",\"name\":\"Suntechnics\",\"description\":\"\",\"publisher\":{\"@id\":\"https:\\\/\\\/suntechnics.ch\\\/#organization\"},\"potentialAction\":[{\"@type\":\"SearchAction\",\"target\":{\"@type\":\"EntryPoint\",\"urlTemplate\":\"https:\\\/\\\/suntechnics.ch\\\/?s={search_term_string}\"},\"query-input\":{\"@type\":\"PropertyValueSpecification\",\"valueRequired\":true,\"valueName\":\"search_term_string\"}}],\"inLanguage\":\"fr-FR\"},{\"@type\":\"Organization\",\"@id\":\"https:\\\/\\\/suntechnics.ch\\\/#organization\",\"name\":\"Suntechnics\",\"url\":\"https:\\\/\\\/suntechnics.ch\\\/\",\"logo\":{\"@type\":\"ImageObject\",\"inLanguage\":\"fr-FR\",\"@id\":\"https:\\\/\\\/suntechnics.ch\\\/#\\\/schema\\\/logo\\\/image\\\/\",\"url\":\"https:\\\/\\\/suntechnics.ch\\\/wp-content\\\/uploads\\\/2024\\\/04\\\/Logo_SunTechnics_schwarz-scaled.jpg\",\"contentUrl\":\"https:\\\/\\\/suntechnics.ch\\\/wp-content\\\/uploads\\\/2024\\\/04\\\/Logo_SunTechnics_schwarz-scaled.jpg\",\"width\":2560,\"height\":515,\"caption\":\"Suntechnics\"},\"image\":{\"@id\":\"https:\\\/\\\/suntechnics.ch\\\/#\\\/schema\\\/logo\\\/image\\\/\"}},{\"@type\":\"Person\",\"@id\":\"https:\\\/\\\/suntechnics.ch\\\/#\\\/schema\\\/person\\\/4268689593a277cef13567f8ee416b08\",\"name\":\"Armin Hubli\",\"url\":\"https:\\\/\\\/suntechnics.ch\\\/fr\\\/author\\\/armin-hubli\\\/\"}]}<\/script>\n<!-- \/ Yoast SEO plugin. -->","yoast_head_json":{"title":"Les effets de la loi sur l\u2019\u00e9lectricit\u00e9 sur le photovolta\u00efque - Suntechnics","description":"La nouvelle loi suisse sur l\u2019\u00e9lectricit\u00e9 favorise les \u00e9nergies renouvelables, avec un accent particulier sur l\u2019\u00e9nergie solaire. D\u00e9couvrez quelles modifications elle entra\u00eene pour le photovolta\u00efque.","robots":{"index":"index","follow":"follow","max-snippet":"max-snippet:-1","max-image-preview":"max-image-preview:large","max-video-preview":"max-video-preview:-1"},"canonical":"https:\/\/suntechnics.ch\/fr\/les-effets-de-la-loi-sur-lelectricite-sur-le-photovoltaique\/","og_locale":"fr_FR","og_type":"article","og_title":"Les effets de la loi sur l\u2019\u00e9lectricit\u00e9 sur le photovolta\u00efque - Suntechnics","og_description":"La nouvelle loi suisse sur l\u2019\u00e9lectricit\u00e9 favorise les \u00e9nergies renouvelables, avec un accent particulier sur l\u2019\u00e9nergie solaire. D\u00e9couvrez quelles modifications elle entra\u00eene pour le photovolta\u00efque.","og_url":"https:\/\/suntechnics.ch\/fr\/les-effets-de-la-loi-sur-lelectricite-sur-le-photovoltaique\/","og_site_name":"Suntechnics","article_published_time":"2024-07-04T09:09:02+00:00","article_modified_time":"2025-08-21T15:15:07+00:00","og_image":[{"width":2560,"height":1707,"url":"https:\/\/suntechnics.ch\/wp-content\/uploads\/2024\/07\/suntechnics_stromgesetz-scaled.jpg","type":"image\/jpeg"}],"author":"Armin Hubli","twitter_card":"summary_large_image","twitter_misc":{"\u00c9crit par":"Armin Hubli","Dur\u00e9e de lecture estim\u00e9e":"4 minutes"},"schema":{"@context":"https:\/\/schema.org","@graph":[{"@type":"Article","@id":"https:\/\/suntechnics.ch\/fr\/les-effets-de-la-loi-sur-lelectricite-sur-le-photovoltaique\/#article","isPartOf":{"@id":"https:\/\/suntechnics.ch\/fr\/les-effets-de-la-loi-sur-lelectricite-sur-le-photovoltaique\/"},"author":{"name":"Armin Hubli","@id":"https:\/\/suntechnics.ch\/#\/schema\/person\/4268689593a277cef13567f8ee416b08"},"headline":"Les effets de la loi sur l\u2019\u00e9lectricit\u00e9 sur le photovolta\u00efque","datePublished":"2024-07-04T09:09:02+00:00","dateModified":"2025-08-21T15:15:07+00:00","mainEntityOfPage":{"@id":"https:\/\/suntechnics.ch\/fr\/les-effets-de-la-loi-sur-lelectricite-sur-le-photovoltaique\/"},"wordCount":754,"publisher":{"@id":"https:\/\/suntechnics.ch\/#organization"},"image":{"@id":"https:\/\/suntechnics.ch\/fr\/les-effets-de-la-loi-sur-lelectricite-sur-le-photovoltaique\/#primaryimage"},"thumbnailUrl":"https:\/\/suntechnics.ch\/wp-content\/uploads\/2024\/07\/suntechnics_stromgesetz-scaled-e1764778239249.jpg","articleSection":["News"],"inLanguage":"fr-FR"},{"@type":"WebPage","@id":"https:\/\/suntechnics.ch\/fr\/les-effets-de-la-loi-sur-lelectricite-sur-le-photovoltaique\/","url":"https:\/\/suntechnics.ch\/fr\/les-effets-de-la-loi-sur-lelectricite-sur-le-photovoltaique\/","name":"Les effets de la loi sur l\u2019\u00e9lectricit\u00e9 sur le photovolta\u00efque - Suntechnics","isPartOf":{"@id":"https:\/\/suntechnics.ch\/#website"},"primaryImageOfPage":{"@id":"https:\/\/suntechnics.ch\/fr\/les-effets-de-la-loi-sur-lelectricite-sur-le-photovoltaique\/#primaryimage"},"image":{"@id":"https:\/\/suntechnics.ch\/fr\/les-effets-de-la-loi-sur-lelectricite-sur-le-photovoltaique\/#primaryimage"},"thumbnailUrl":"https:\/\/suntechnics.ch\/wp-content\/uploads\/2024\/07\/suntechnics_stromgesetz-scaled-e1764778239249.jpg","datePublished":"2024-07-04T09:09:02+00:00","dateModified":"2025-08-21T15:15:07+00:00","description":"La nouvelle loi suisse sur l\u2019\u00e9lectricit\u00e9 favorise les \u00e9nergies renouvelables, avec un accent particulier sur l\u2019\u00e9nergie solaire. D\u00e9couvrez quelles modifications elle entra\u00eene pour le photovolta\u00efque.","breadcrumb":{"@id":"https:\/\/suntechnics.ch\/fr\/les-effets-de-la-loi-sur-lelectricite-sur-le-photovoltaique\/#breadcrumb"},"inLanguage":"fr-FR","potentialAction":[{"@type":"ReadAction","target":["https:\/\/suntechnics.ch\/fr\/les-effets-de-la-loi-sur-lelectricite-sur-le-photovoltaique\/"]}]},{"@type":"ImageObject","inLanguage":"fr-FR","@id":"https:\/\/suntechnics.ch\/fr\/les-effets-de-la-loi-sur-lelectricite-sur-le-photovoltaique\/#primaryimage","url":"https:\/\/suntechnics.ch\/wp-content\/uploads\/2024\/07\/suntechnics_stromgesetz-scaled-e1764778239249.jpg","contentUrl":"https:\/\/suntechnics.ch\/wp-content\/uploads\/2024\/07\/suntechnics_stromgesetz-scaled-e1764778239249.jpg","width":2560,"height":1707,"caption":"Photograph of contemporary on-family twin houses, a rape and a wheat field in the foreground."},{"@type":"BreadcrumbList","@id":"https:\/\/suntechnics.ch\/fr\/les-effets-de-la-loi-sur-lelectricite-sur-le-photovoltaique\/#breadcrumb","itemListElement":[{"@type":"ListItem","position":1,"name":"Startseite","item":"https:\/\/suntechnics.ch\/fr\/"},{"@type":"ListItem","position":2,"name":"Les effets de la loi sur l\u2019\u00e9lectricit\u00e9 sur le photovolta\u00efque"}]},{"@type":"WebSite","@id":"https:\/\/suntechnics.ch\/#website","url":"https:\/\/suntechnics.ch\/","name":"Suntechnics","description":"","publisher":{"@id":"https:\/\/suntechnics.ch\/#organization"},"potentialAction":[{"@type":"SearchAction","target":{"@type":"EntryPoint","urlTemplate":"https:\/\/suntechnics.ch\/?s={search_term_string}"},"query-input":{"@type":"PropertyValueSpecification","valueRequired":true,"valueName":"search_term_string"}}],"inLanguage":"fr-FR"},{"@type":"Organization","@id":"https:\/\/suntechnics.ch\/#organization","name":"Suntechnics","url":"https:\/\/suntechnics.ch\/","logo":{"@type":"ImageObject","inLanguage":"fr-FR","@id":"https:\/\/suntechnics.ch\/#\/schema\/logo\/image\/","url":"https:\/\/suntechnics.ch\/wp-content\/uploads\/2024\/04\/Logo_SunTechnics_schwarz-scaled.jpg","contentUrl":"https:\/\/suntechnics.ch\/wp-content\/uploads\/2024\/04\/Logo_SunTechnics_schwarz-scaled.jpg","width":2560,"height":515,"caption":"Suntechnics"},"image":{"@id":"https:\/\/suntechnics.ch\/#\/schema\/logo\/image\/"}},{"@type":"Person","@id":"https:\/\/suntechnics.ch\/#\/schema\/person\/4268689593a277cef13567f8ee416b08","name":"Armin Hubli","url":"https:\/\/suntechnics.ch\/fr\/author\/armin-hubli\/"}]}},"_links":{"self":[{"href":"https:\/\/suntechnics.ch\/fr\/wp-json\/wp\/v2\/posts\/2885","targetHints":{"allow":["GET"]}}],"collection":[{"href":"https:\/\/suntechnics.ch\/fr\/wp-json\/wp\/v2\/posts"}],"about":[{"href":"https:\/\/suntechnics.ch\/fr\/wp-json\/wp\/v2\/types\/post"}],"author":[{"embeddable":true,"href":"https:\/\/suntechnics.ch\/fr\/wp-json\/wp\/v2\/users\/9"}],"replies":[{"embeddable":true,"href":"https:\/\/suntechnics.ch\/fr\/wp-json\/wp\/v2\/comments?post=2885"}],"version-history":[{"count":4,"href":"https:\/\/suntechnics.ch\/fr\/wp-json\/wp\/v2\/posts\/2885\/revisions"}],"predecessor-version":[{"id":2894,"href":"https:\/\/suntechnics.ch\/fr\/wp-json\/wp\/v2\/posts\/2885\/revisions\/2894"}],"wp:featuredmedia":[{"embeddable":true,"href":"https:\/\/suntechnics.ch\/fr\/wp-json\/wp\/v2\/media\/2510"}],"wp:attachment":[{"href":"https:\/\/suntechnics.ch\/fr\/wp-json\/wp\/v2\/media?parent=2885"}],"wp:term":[{"taxonomy":"category","embeddable":true,"href":"https:\/\/suntechnics.ch\/fr\/wp-json\/wp\/v2\/categories?post=2885"},{"taxonomy":"post_tag","embeddable":true,"href":"https:\/\/suntechnics.ch\/fr\/wp-json\/wp\/v2\/tags?post=2885"}],"curies":[{"name":"wp","href":"https:\/\/api.w.org\/{rel}","templated":true}]}}